{"id":186,"date":"2014-10-07T12:01:17","date_gmt":"2014-10-07T11:01:17","guid":{"rendered":"http:\/\/uaportail.fr\/photodemaidan\/?p=186"},"modified":"2014-10-25T16:29:48","modified_gmt":"2014-10-25T15:29:48","slug":"le-debut","status":"publish","type":"post","link":"https:\/\/uaportail.fr\/photodemaidan\/2014\/10\/le-debut\/","title":{"rendered":"Le d\u00e9but"},"content":{"rendered":"<p><a href=\"http:\/\/uaportail.fr\/photodemaidan\/wp-content\/uploads\/sites\/3\/2014\/10\/10431564_574850665977262_487805036419727014_n.jpg\"><img loading=\"lazy\" class=\"alignnone wp-image-247 size-full\" src=\"http:\/\/uaportail.fr\/photodemaidan\/wp-content\/uploads\/sites\/3\/2014\/10\/10431564_574850665977262_487805036419727014_n.jpg\" alt=\"Le d\u00e9but de Ma\u00efdan\" width=\"960\" height=\"638\" srcset=\"https:\/\/uaportail.fr\/photodemaidan\/wp-content\/uploads\/sites\/3\/2014\/10\/10431564_574850665977262_487805036419727014_n.jpg 960w, https:\/\/uaportail.fr\/photodemaidan\/wp-content\/uploads\/sites\/3\/2014\/10\/10431564_574850665977262_487805036419727014_n-300x199.jpg 300w\" sizes=\"(max-width: 960px) 100vw, 960px\" \/><\/a><\/p>\n<p><span class=\"UFICommentBody\">2<\/span><span class=\"UFICommentBody\">1 novembre 2013, Place de l\u2019Independence, Kiev &#8211; d\u00e9but de l\u2019Euromaidan. Plusieurs manifestants pacifiques, particuli\u00e8rementdes \u00e9tudiants, sont sortis dans les rues de la ville contre\u00a0la d\u00e9cision de l\u2019ex-pr\u00e9sident ukrainien Viktor Yanoukovitch d\u2019arr\u00eater la pr\u00e9paration\u00a0de\u00a0l\u2019accord d\u2019association\u00a0entre l\u2019Ukraine et l\u2019Union Europ\u00e9en. Cet accord devait \u00eatre sign\u00e9 pendant le sommet de l\u2019UE qui a eu lieu \u00e0 Vilnius le 28-29 novembre. Chaque jour les gens se rassemblaient pour manifester leur d\u00e9saccord et m\u00e9contentement contre des actions du pouvoir, la corruption et l\u2019impunit\u00e9 des fonctionnaires. Le 24 novembre 2013, a eu lieu le premier grand rassemblement, qui comptait environ 150 mille participants. Les demandes des gens \u00e9taient unanimes &#8211; signer\u00a0l\u2019accord d\u2019association \u00e0 Vilnius, renvoyer le gouvernement actuel du Premier ministre Mykola Azarov et rel\u00e2cher les prisonniers politiques tels que Youlia Timochenko. Les manifestants ont \u00e9galement lanc\u00e9 un appel aux pays europ\u00e9ens \u00a0leur demandant d\u2019imposer des sanctions contre le pouvoir ukrainien corrompu. Au m\u00eame moment commence un \u00e9change massif d&#8217;informations sur l&#8217;Internet, en particulier sur les r\u00e9seaux sociaux, o\u00f9 les gens coordonnent activement leurs actions dans diff\u00e9rentes villes de l&#8217;Ukraine. Malgr\u00e9 les protestations qui augmentaient tous les jours, l&#8217;ex-pr\u00e9sident Viktor Ianoukovitch ne signe pas l&#8217;accord de l&#8217;association \u00e0 Vilnius. Apr\u00e8s son retour, dans la nuit du 30 novembre, le premier affrontement brutal entre les forces sp\u00e9ciales de la police &#8220;Berkut&#8221; et les manifestants a eu lieu. Ce fut la dispersion du Ma\u00efdan, au cours de laquelle des personnes ont \u00e9t\u00e9\u00a0gravement battues avec des gourdins\u00a0et \u00e0 coups de pied, bless\u00e9es\u00a0avec des projections des pierres. Parmi les manifestants il y avait des \u00e9tudiants qui n\u2019avaient pas encore\u00a0atteint l&#8217;\u00e2ge de la majorit\u00e9 et qui ont \u00e9t\u00e9 s\u00e9v\u00e8rement battus par les &#8220;Berkut&#8221;. Cette utilisation de force gratuite a indign\u00e9 les gens et d\u00e8s le lendemain dans les rues de toutes les villes de l&#8217;Ukraine ont commenc\u00e9 \u00e0 surgir\u00a0les <\/span>Ma\u00efdans.<\/p>\n","protected":false},"excerpt":{"rendered":"<p>21 novembre 2013, Place de l\u2019Independence, Kiev &#8211; d\u00e9but de l\u2019Euromaidan. Plusieurs manifestants pacifiques, particuli\u00e8rementdes \u00e9tudiants, sont sortis dans les rues de la ville contre\u00a0la d\u00e9cision de l\u2019ex-pr\u00e9sident ukrainien Viktor Yanoukovitch d\u2019arr\u00eater la pr\u00e9paration\u00a0de\u00a0l\u2019accord d\u2019association\u00a0entre l\u2019Ukraine et l\u2019Union Europ\u00e9en. Cet accord devait \u00eatre sign\u00e9 pendant le sommet de l\u2019UE qui a eu lieu \u00e0 Vilnius &hellip;<\/p>\n","protected":false},"author":5,"featured_media":247,"comment_status":"closed","ping_status":"open","sticky":false,"template":"","format":"standard","meta":[],"categories":[39],"tags":[],"yoast_head":"<!-- This site is optimized with the Yoast SEO plugin v19.0 - https:\/\/yoast.com\/wordpress\/plugins\/seo\/ -->\n<title>Le d\u00e9but - \u00ab Maidan \u2022 Ukraine \u2022 Europe \u00bb<\/title>\n<meta name=\"robots\" content=\"index, follow, max-snippet:-1, max-image-preview:large, max-video-preview:-1\" \/>\n<link rel=\"canonical\" href=\"https:\/\/uaportail.fr\/photodemaidan\/2014\/10\/le-debut\/\" \/>\n<meta property=\"og:locale\" content=\"en_GB\" \/>\n<meta property=\"og:type\" content=\"article\" \/>\n<meta property=\"og:title\" content=\"Le d\u00e9but - \u00ab Maidan \u2022 Ukraine \u2022 Europe \u00bb\" \/>\n<meta property=\"og:description\" content=\"21 novembre 2013, Place de l\u2019Independence, Kiev &#8211; d\u00e9but de l\u2019Euromaidan. Plusieurs manifestants pacifiques, particuli\u00e8rementdes \u00e9tudiants, sont sortis dans les rues de la ville contre\u00a0la d\u00e9cision de l\u2019ex-pr\u00e9sident ukrainien Viktor Yanoukovitch d\u2019arr\u00eater la pr\u00e9paration\u00a0de\u00a0l\u2019accord d\u2019association\u00a0entre l\u2019Ukraine et l\u2019Union Europ\u00e9en. Cet accord devait \u00eatre sign\u00e9 pendant le sommet de l\u2019UE qui a eu lieu \u00e0 Vilnius &hellip;\" \/>\n<meta property=\"og:url\" content=\"https:\/\/uaportail.fr\/photodemaidan\/2014\/10\/le-debut\/\" \/>\n<meta property=\"og:site_name\" content=\"\u00ab Maidan \u2022 Ukraine \u2022 Europe \u00bb\" \/>\n<meta property=\"article:publisher\" content=\"https:\/\/www.facebook.com\/groups\/uaLille\/\" \/>\n<meta property=\"article:published_time\" content=\"2014-10-07T11:01:17+00:00\" \/>\n<meta property=\"article:modified_time\" content=\"2014-10-25T15:29:48+00:00\" \/>\n<meta property=\"og:image\" content=\"https:\/\/uaportail.fr\/photodemaidan\/wp-content\/uploads\/sites\/3\/2014\/10\/10431564_574850665977262_487805036419727014_n.jpg\" \/>\n\t<meta property=\"og:image:width\" content=\"960\" \/>\n\t<meta property=\"og:image:height\" content=\"638\" \/>\n\t<meta property=\"og:image:type\" content=\"image\/jpeg\" \/>\n<meta name=\"twitter:label1\" content=\"Written by\" \/>\n\t<meta name=\"twitter:data1\" content=\"\" \/>\n\t<meta name=\"twitter:label2\" content=\"Estimated reading time\" \/>\n\t<meta name=\"twitter:data2\" content=\"2 minutes\" \/>\n<script type=\"application\/ld+json\" class=\"yoast-schema-graph\">{\"@context\":\"https:\/\/schema.org\",\"@graph\":[{\"@type\":\"WebSite\",\"@id\":\"https:\/\/uaportail.fr\/photodemaidan\/#website\",\"url\":\"https:\/\/uaportail.fr\/photodemaidan\/\",\"name\":\"\u00ab Maidan \u2022 Ukraine \u2022 Europe \u00bb\",\"description\":\"Exposition \u2022 Projection \u2022 Conf\u00e9rence\",\"potentialAction\":[{\"@type\":\"SearchAction\",\"target\":{\"@type\":\"EntryPoint\",\"urlTemplate\":\"https:\/\/uaportail.fr\/photodemaidan\/?s={search_term_string}\"},\"query-input\":\"required name=search_term_string\"}],\"inLanguage\":\"en-GB\"},{\"@type\":\"ImageObject\",\"inLanguage\":\"en-GB\",\"@id\":\"https:\/\/uaportail.fr\/photodemaidan\/2014\/10\/le-debut\/#primaryimage\",\"url\":\"https:\/\/uaportail.fr\/photodemaidan\/wp-content\/uploads\/sites\/3\/2014\/10\/10431564_574850665977262_487805036419727014_n.jpg\",\"contentUrl\":\"https:\/\/uaportail.fr\/photodemaidan\/wp-content\/uploads\/sites\/3\/2014\/10\/10431564_574850665977262_487805036419727014_n.jpg\",\"width\":960,\"height\":638},{\"@type\":\"WebPage\",\"@id\":\"https:\/\/uaportail.fr\/photodemaidan\/2014\/10\/le-debut\/#webpage\",\"url\":\"https:\/\/uaportail.fr\/photodemaidan\/2014\/10\/le-debut\/\",\"name\":\"Le d\u00e9but - \u00ab Maidan \u2022 Ukraine \u2022 Europe \u00bb\",\"isPartOf\":{\"@id\":\"https:\/\/uaportail.fr\/photodemaidan\/#website\"},\"primaryImageOfPage\":{\"@id\":\"https:\/\/uaportail.fr\/photodemaidan\/2014\/10\/le-debut\/#primaryimage\"},\"datePublished\":\"2014-10-07T11:01:17+00:00\",\"dateModified\":\"2014-10-25T15:29:48+00:00\",\"author\":{\"@id\":\"\"},\"breadcrumb\":{\"@id\":\"https:\/\/uaportail.fr\/photodemaidan\/2014\/10\/le-debut\/#breadcrumb\"},\"inLanguage\":\"en-GB\",\"potentialAction\":[{\"@type\":\"ReadAction\",\"target\":[\"https:\/\/uaportail.fr\/photodemaidan\/2014\/10\/le-debut\/\"]}]},{\"@type\":\"BreadcrumbList\",\"@id\":\"https:\/\/uaportail.fr\/photodemaidan\/2014\/10\/le-debut\/#breadcrumb\",\"itemListElement\":[{\"@type\":\"ListItem\",\"position\":1,\"name\":\"Home\",\"item\":\"https:\/\/uaportail.fr\/photodemaidan\/\"},{\"@type\":\"ListItem\",\"position\":2,\"name\":\"Le d\u00e9but\"}]},{\"@type\":\"Person\",\"@id\":\"\",\"url\":\"https:\/\/uaportail.fr\/photodemaidan\/author\/\"}]}<\/script>\n<!-- \/ Yoast SEO plugin. -->","yoast_head_json":{"title":"Le d\u00e9but - \u00ab Maidan \u2022 Ukraine \u2022 Europe \u00bb","robots":{"index":"index","follow":"follow","max-snippet":"max-snippet:-1","max-image-preview":"max-image-preview:large","max-video-preview":"max-video-preview:-1"},"canonical":"https:\/\/uaportail.fr\/photodemaidan\/2014\/10\/le-debut\/","og_locale":"en_GB","og_type":"article","og_title":"Le d\u00e9but - \u00ab Maidan \u2022 Ukraine \u2022 Europe \u00bb","og_description":"21 novembre 2013, Place de l\u2019Independence, Kiev &#8211; d\u00e9but de l\u2019Euromaidan. Plusieurs manifestants pacifiques, particuli\u00e8rementdes \u00e9tudiants, sont sortis dans les rues de la ville contre\u00a0la d\u00e9cision de l\u2019ex-pr\u00e9sident ukrainien Viktor Yanoukovitch d\u2019arr\u00eater la pr\u00e9paration\u00a0de\u00a0l\u2019accord d\u2019association\u00a0entre l\u2019Ukraine et l\u2019Union Europ\u00e9en. Cet accord devait \u00eatre sign\u00e9 pendant le sommet de l\u2019UE qui a eu lieu \u00e0 Vilnius &hellip;","og_url":"https:\/\/uaportail.fr\/photodemaidan\/2014\/10\/le-debut\/","og_site_name":"\u00ab Maidan \u2022 Ukraine \u2022 Europe \u00bb","article_publisher":"https:\/\/www.facebook.com\/groups\/uaLille\/","article_published_time":"2014-10-07T11:01:17+00:00","article_modified_time":"2014-10-25T15:29:48+00:00","og_image":[{"width":960,"height":638,"url":"https:\/\/uaportail.fr\/photodemaidan\/wp-content\/uploads\/sites\/3\/2014\/10\/10431564_574850665977262_487805036419727014_n.jpg","type":"image\/jpeg"}],"twitter_misc":{"Written by":"","Estimated reading time":"2 minutes"},"schema":{"@context":"https:\/\/schema.org","@graph":[{"@type":"WebSite","@id":"https:\/\/uaportail.fr\/photodemaidan\/#website","url":"https:\/\/uaportail.fr\/photodemaidan\/","name":"\u00ab Maidan \u2022 Ukraine \u2022 Europe \u00bb","description":"Exposition \u2022 Projection \u2022 Conf\u00e9rence","potentialAction":[{"@type":"SearchAction","target":{"@type":"EntryPoint","urlTemplate":"https:\/\/uaportail.fr\/photodemaidan\/?s={search_term_string}"},"query-input":"required name=search_term_string"}],"inLanguage":"en-GB"},{"@type":"ImageObject","inLanguage":"en-GB","@id":"https:\/\/uaportail.fr\/photodemaidan\/2014\/10\/le-debut\/#primaryimage","url":"https:\/\/uaportail.fr\/photodemaidan\/wp-content\/uploads\/sites\/3\/2014\/10\/10431564_574850665977262_487805036419727014_n.jpg","contentUrl":"https:\/\/uaportail.fr\/photodemaidan\/wp-content\/uploads\/sites\/3\/2014\/10\/10431564_574850665977262_487805036419727014_n.jpg","width":960,"height":638},{"@type":"WebPage","@id":"https:\/\/uaportail.fr\/photodemaidan\/2014\/10\/le-debut\/#webpage","url":"https:\/\/uaportail.fr\/photodemaidan\/2014\/10\/le-debut\/","name":"Le d\u00e9but - \u00ab Maidan \u2022 Ukraine \u2022 Europe \u00bb","isPartOf":{"@id":"https:\/\/uaportail.fr\/photodemaidan\/#website"},"primaryImageOfPage":{"@id":"https:\/\/uaportail.fr\/photodemaidan\/2014\/10\/le-debut\/#primaryimage"},"datePublished":"2014-10-07T11:01:17+00:00","dateModified":"2014-10-25T15:29:48+00:00","author":{"@id":""},"breadcrumb":{"@id":"https:\/\/uaportail.fr\/photodemaidan\/2014\/10\/le-debut\/#breadcrumb"},"inLanguage":"en-GB","potentialAction":[{"@type":"ReadAction","target":["https:\/\/uaportail.fr\/photodemaidan\/2014\/10\/le-debut\/"]}]},{"@type":"BreadcrumbList","@id":"https:\/\/uaportail.fr\/photodemaidan\/2014\/10\/le-debut\/#breadcrumb","itemListElement":[{"@type":"ListItem","position":1,"name":"Home","item":"https:\/\/uaportail.fr\/photodemaidan\/"},{"@type":"ListItem","position":2,"name":"Le d\u00e9but"}]},{"@type":"Person","@id":"","url":"https:\/\/uaportail.fr\/photodemaidan\/author\/"}]}},"_links":{"self":[{"href":"https:\/\/uaportail.fr\/photodemaidan\/wp-json\/wp\/v2\/posts\/186"}],"collection":[{"href":"https:\/\/uaportail.fr\/photodemaidan\/wp-json\/wp\/v2\/posts"}],"about":[{"href":"https:\/\/uaportail.fr\/photodemaidan\/wp-json\/wp\/v2\/types\/post"}],"author":[{"embeddable":true,"href":"https:\/\/uaportail.fr\/photodemaidan\/wp-json\/wp\/v2\/users\/5"}],"replies":[{"embeddable":true,"href":"https:\/\/uaportail.fr\/photodemaidan\/wp-json\/wp\/v2\/comments?post=186"}],"version-history":[{"count":0,"href":"https:\/\/uaportail.fr\/photodemaidan\/wp-json\/wp\/v2\/posts\/186\/revisions"}],"wp:featuredmedia":[{"embeddable":true,"href":"https:\/\/uaportail.fr\/photodemaidan\/wp-json\/wp\/v2\/media\/247"}],"wp:attachment":[{"href":"https:\/\/uaportail.fr\/photodemaidan\/wp-json\/wp\/v2\/media?parent=186"}],"wp:term":[{"taxonomy":"category","embeddable":true,"href":"https:\/\/uaportail.fr\/photodemaidan\/wp-json\/wp\/v2\/categories?post=186"},{"taxonomy":"post_tag","embeddable":true,"href":"https:\/\/uaportail.fr\/photodemaidan\/wp-json\/wp\/v2\/tags?post=186"}],"curies":[{"name":"wp","href":"https:\/\/api.w.org\/{rel}","templated":true}]}}