{"id":184,"date":"2014-10-07T12:00:47","date_gmt":"2014-10-07T11:00:47","guid":{"rendered":"http:\/\/uaportail.fr\/photodemaidan\/?p=184"},"modified":"2014-10-25T16:30:12","modified_gmt":"2014-10-25T15:30:12","slug":"les-volontaires","status":"publish","type":"post","link":"https:\/\/uaportail.fr\/photodemaidan\/2014\/10\/les-volontaires\/","title":{"rendered":"Les volontaires"},"content":{"rendered":"<p><a href=\"http:\/\/uaportail.fr\/photodemaidan\/wp-content\/uploads\/sites\/3\/2014\/10\/10402442_574849129310749_3390222883287423768_n.jpg\"><img loading=\"lazy\" class=\"alignnone wp-image-280 size-full\" src=\"http:\/\/uaportail.fr\/photodemaidan\/wp-content\/uploads\/sites\/3\/2014\/10\/10402442_574849129310749_3390222883287423768_n.jpg\" alt=\"Les volontaires\" width=\"638\" height=\"960\" srcset=\"https:\/\/uaportail.fr\/photodemaidan\/wp-content\/uploads\/sites\/3\/2014\/10\/10402442_574849129310749_3390222883287423768_n.jpg 638w, https:\/\/uaportail.fr\/photodemaidan\/wp-content\/uploads\/sites\/3\/2014\/10\/10402442_574849129310749_3390222883287423768_n-199x300.jpg 199w\" sizes=\"(max-width: 638px) 100vw, 638px\" \/><\/a><\/p>\n<p>Tout le concept de l\u2019Euroma\u00efdan s\u2019est fond\u00e9 sur l\u2019aide volontaire des simples citoyens. Un nombre difficilement \u00e9valuable de b\u00e9n\u00e9voles travaillait jour et nuit dans divers endroits du Ma\u00efdan, pr\u00e9parait des repas, proposait aux activistes boissons chaudes et sandwiches, soignait les malades durant les grands froids ainsi que les bless\u00e9s et traumatis\u00e9s par les forces sp\u00e9ciales lors des affrontements, les soutenait avec des chants et des concerts. Les gens affluaient de toute l\u2019Ukraine car ils ne supportaient pas de rester chez eux \u00e0 regarder \u00e0 la t\u00e9l\u00e9vision les \u00e9v\u00e9nements qui se d\u00e9roulaient dans la capitale. Ils apportaient avec eux tout ce qui \u00e9tait en leur possession : couvertures, medicaments, argent, v\u00eatements, tentes, nourriture et venaient aider l\u00e0 o\u00f9 se manifestaient des besoins et il s\u2019en<br \/>\nmanifestait partout. L\u2019ambiance parmi les volontaires \u00e9tait empreinte de bienveillance car tous savaient pourquoi ils \u00e9taient l\u00e0 et tous poursuivaient le seul et m\u00eame but. Parmi les eux, on comptait<br \/>\nde nombreux \u00e9tudiants qui avaient cess\u00e9 de fr\u00e9quenter les universit\u00e9s, de nombreux m\u00e9decins et infirmi\u00e8res qui avaient temporairement quitt\u00e9 leurs lieux de travail, de nombreux simples citoyens<br \/>\nqui ne voulaient pas rester de c\u00f4t\u00e9 et qui voulaient aider de quelque fa\u00e7on que ce soit. Etaient \u00e9galement pr\u00e9sents des pr\u00eatres qui priaient avec les gens, sur le Ma\u00efdan, pour leur sauvegarde, leur sant\u00e9 et la paix en Ukraine. De nombreux m\u00e9c\u00e8nes, politiques et hommes d\u2019action offraient des dons pour subvenir aux premi\u00e8res n\u00e9cessit\u00e9s. Des volontaires collectaient \u00e9galement de l\u2019argent parmi les activistes pour les besoins incontournables tels les tentes et les v\u00eatements chauds. Les b\u00e9n\u00e9voles ont<br \/>\ntravaill\u00e9 avec une tr\u00e8s grande conscience lors des actions sanglantes contre le Ma\u00efdan. Une partie des m\u00e9decins volontaires a mont\u00e9 un centre m\u00e9dical dans une \u00e9glise o\u00f9 ils amenaient les bless\u00e9s et tous ceux qui avaient subi des dommages corporels quelconques, ils les surveillaient en permanence et les soignaient. Une autre partie travaillait \u00e0 m\u00eame la rue et y donnait les premiers soins. Un nombre peu \u00e9valuable de volontaires a pass\u00e9 des mois sur le Ma\u00efdan et il est \u00e9vident que sans leur<br \/>\naide les gens n\u2019auraient pas pu r\u00e9sister si longtemps aux gel\u00e9es tr\u00e8s s\u00e9v\u00e8res.<\/p>\n","protected":false},"excerpt":{"rendered":"<p>Tout le concept de l\u2019Euroma\u00efdan s\u2019est fond\u00e9 sur l\u2019aide volontaire des simples citoyens. Un nombre difficilement \u00e9valuable de b\u00e9n\u00e9voles travaillait jour et nuit dans divers endroits du Ma\u00efdan, pr\u00e9parait des repas, proposait aux activistes boissons chaudes et sandwiches, soignait les malades durant les grands froids ainsi que les bless\u00e9s et traumatis\u00e9s par les forces sp\u00e9ciales &hellip;<\/p>\n","protected":false},"author":5,"featured_media":280,"comment_status":"closed","ping_status":"open","sticky":false,"template":"","format":"standard","meta":[],"categories":[44],"tags":[],"yoast_head":"<!-- This site is optimized with the Yoast SEO plugin v19.0 - https:\/\/yoast.com\/wordpress\/plugins\/seo\/ -->\n<title>Les volontaires - \u00ab Maidan \u2022 Ukraine \u2022 Europe \u00bb<\/title>\n<meta name=\"robots\" content=\"index, follow, max-snippet:-1, max-image-preview:large, max-video-preview:-1\" \/>\n<link rel=\"canonical\" href=\"https:\/\/uaportail.fr\/photodemaidan\/2014\/10\/les-volontaires\/\" \/>\n<meta property=\"og:locale\" content=\"en_GB\" \/>\n<meta property=\"og:type\" content=\"article\" \/>\n<meta property=\"og:title\" content=\"Les volontaires - \u00ab Maidan \u2022 Ukraine \u2022 Europe \u00bb\" \/>\n<meta property=\"og:description\" content=\"Tout le concept de l\u2019Euroma\u00efdan s\u2019est fond\u00e9 sur l\u2019aide volontaire des simples citoyens. Un nombre difficilement \u00e9valuable de b\u00e9n\u00e9voles travaillait jour et nuit dans divers endroits du Ma\u00efdan, pr\u00e9parait des repas, proposait aux activistes boissons chaudes et sandwiches, soignait les malades durant les grands froids ainsi que les bless\u00e9s et traumatis\u00e9s par les forces sp\u00e9ciales &hellip;\" \/>\n<meta property=\"og:url\" content=\"https:\/\/uaportail.fr\/photodemaidan\/2014\/10\/les-volontaires\/\" \/>\n<meta property=\"og:site_name\" content=\"\u00ab Maidan \u2022 Ukraine \u2022 Europe \u00bb\" \/>\n<meta property=\"article:publisher\" content=\"https:\/\/www.facebook.com\/groups\/uaLille\/\" \/>\n<meta property=\"article:published_time\" content=\"2014-10-07T11:00:47+00:00\" \/>\n<meta property=\"article:modified_time\" content=\"2014-10-25T15:30:12+00:00\" \/>\n<meta property=\"og:image\" content=\"https:\/\/uaportail.fr\/photodemaidan\/wp-content\/uploads\/sites\/3\/2014\/10\/10402442_574849129310749_3390222883287423768_n.jpg\" \/>\n\t<meta property=\"og:image:width\" content=\"638\" \/>\n\t<meta property=\"og:image:height\" content=\"960\" \/>\n\t<meta property=\"og:image:type\" content=\"image\/jpeg\" \/>\n<meta name=\"twitter:label1\" content=\"Written by\" \/>\n\t<meta name=\"twitter:data1\" content=\"\" \/>\n\t<meta name=\"twitter:label2\" content=\"Estimated reading time\" \/>\n\t<meta name=\"twitter:data2\" content=\"2 minutes\" \/>\n<script type=\"application\/ld+json\" class=\"yoast-schema-graph\">{\"@context\":\"https:\/\/schema.org\",\"@graph\":[{\"@type\":\"WebSite\",\"@id\":\"https:\/\/uaportail.fr\/photodemaidan\/#website\",\"url\":\"https:\/\/uaportail.fr\/photodemaidan\/\",\"name\":\"\u00ab Maidan \u2022 Ukraine \u2022 Europe \u00bb\",\"description\":\"Exposition \u2022 Projection \u2022 Conf\u00e9rence\",\"potentialAction\":[{\"@type\":\"SearchAction\",\"target\":{\"@type\":\"EntryPoint\",\"urlTemplate\":\"https:\/\/uaportail.fr\/photodemaidan\/?s={search_term_string}\"},\"query-input\":\"required name=search_term_string\"}],\"inLanguage\":\"en-GB\"},{\"@type\":\"ImageObject\",\"inLanguage\":\"en-GB\",\"@id\":\"https:\/\/uaportail.fr\/photodemaidan\/2014\/10\/les-volontaires\/#primaryimage\",\"url\":\"https:\/\/uaportail.fr\/photodemaidan\/wp-content\/uploads\/sites\/3\/2014\/10\/10402442_574849129310749_3390222883287423768_n.jpg\",\"contentUrl\":\"https:\/\/uaportail.fr\/photodemaidan\/wp-content\/uploads\/sites\/3\/2014\/10\/10402442_574849129310749_3390222883287423768_n.jpg\",\"width\":638,\"height\":960,\"caption\":\"Les volontaires\"},{\"@type\":\"WebPage\",\"@id\":\"https:\/\/uaportail.fr\/photodemaidan\/2014\/10\/les-volontaires\/#webpage\",\"url\":\"https:\/\/uaportail.fr\/photodemaidan\/2014\/10\/les-volontaires\/\",\"name\":\"Les volontaires - \u00ab Maidan \u2022 Ukraine \u2022 Europe \u00bb\",\"isPartOf\":{\"@id\":\"https:\/\/uaportail.fr\/photodemaidan\/#website\"},\"primaryImageOfPage\":{\"@id\":\"https:\/\/uaportail.fr\/photodemaidan\/2014\/10\/les-volontaires\/#primaryimage\"},\"datePublished\":\"2014-10-07T11:00:47+00:00\",\"dateModified\":\"2014-10-25T15:30:12+00:00\",\"author\":{\"@id\":\"\"},\"breadcrumb\":{\"@id\":\"https:\/\/uaportail.fr\/photodemaidan\/2014\/10\/les-volontaires\/#breadcrumb\"},\"inLanguage\":\"en-GB\",\"potentialAction\":[{\"@type\":\"ReadAction\",\"target\":[\"https:\/\/uaportail.fr\/photodemaidan\/2014\/10\/les-volontaires\/\"]}]},{\"@type\":\"BreadcrumbList\",\"@id\":\"https:\/\/uaportail.fr\/photodemaidan\/2014\/10\/les-volontaires\/#breadcrumb\",\"itemListElement\":[{\"@type\":\"ListItem\",\"position\":1,\"name\":\"Home\",\"item\":\"https:\/\/uaportail.fr\/photodemaidan\/\"},{\"@type\":\"ListItem\",\"position\":2,\"name\":\"Les volontaires\"}]},{\"@type\":\"Person\",\"@id\":\"\",\"url\":\"https:\/\/uaportail.fr\/photodemaidan\/author\/\"}]}<\/script>\n<!-- \/ Yoast SEO plugin. -->","yoast_head_json":{"title":"Les volontaires - \u00ab Maidan \u2022 Ukraine \u2022 Europe \u00bb","robots":{"index":"index","follow":"follow","max-snippet":"max-snippet:-1","max-image-preview":"max-image-preview:large","max-video-preview":"max-video-preview:-1"},"canonical":"https:\/\/uaportail.fr\/photodemaidan\/2014\/10\/les-volontaires\/","og_locale":"en_GB","og_type":"article","og_title":"Les volontaires - \u00ab Maidan \u2022 Ukraine \u2022 Europe \u00bb","og_description":"Tout le concept de l\u2019Euroma\u00efdan s\u2019est fond\u00e9 sur l\u2019aide volontaire des simples citoyens. Un nombre difficilement \u00e9valuable de b\u00e9n\u00e9voles travaillait jour et nuit dans divers endroits du Ma\u00efdan, pr\u00e9parait des repas, proposait aux activistes boissons chaudes et sandwiches, soignait les malades durant les grands froids ainsi que les bless\u00e9s et traumatis\u00e9s par les forces sp\u00e9ciales &hellip;","og_url":"https:\/\/uaportail.fr\/photodemaidan\/2014\/10\/les-volontaires\/","og_site_name":"\u00ab Maidan \u2022 Ukraine \u2022 Europe \u00bb","article_publisher":"https:\/\/www.facebook.com\/groups\/uaLille\/","article_published_time":"2014-10-07T11:00:47+00:00","article_modified_time":"2014-10-25T15:30:12+00:00","og_image":[{"width":638,"height":960,"url":"https:\/\/uaportail.fr\/photodemaidan\/wp-content\/uploads\/sites\/3\/2014\/10\/10402442_574849129310749_3390222883287423768_n.jpg","type":"image\/jpeg"}],"twitter_misc":{"Written by":"","Estimated reading time":"2 minutes"},"schema":{"@context":"https:\/\/schema.org","@graph":[{"@type":"WebSite","@id":"https:\/\/uaportail.fr\/photodemaidan\/#website","url":"https:\/\/uaportail.fr\/photodemaidan\/","name":"\u00ab Maidan \u2022 Ukraine \u2022 Europe \u00bb","description":"Exposition \u2022 Projection \u2022 Conf\u00e9rence","potentialAction":[{"@type":"SearchAction","target":{"@type":"EntryPoint","urlTemplate":"https:\/\/uaportail.fr\/photodemaidan\/?s={search_term_string}"},"query-input":"required name=search_term_string"}],"inLanguage":"en-GB"},{"@type":"ImageObject","inLanguage":"en-GB","@id":"https:\/\/uaportail.fr\/photodemaidan\/2014\/10\/les-volontaires\/#primaryimage","url":"https:\/\/uaportail.fr\/photodemaidan\/wp-content\/uploads\/sites\/3\/2014\/10\/10402442_574849129310749_3390222883287423768_n.jpg","contentUrl":"https:\/\/uaportail.fr\/photodemaidan\/wp-content\/uploads\/sites\/3\/2014\/10\/10402442_574849129310749_3390222883287423768_n.jpg","width":638,"height":960,"caption":"Les volontaires"},{"@type":"WebPage","@id":"https:\/\/uaportail.fr\/photodemaidan\/2014\/10\/les-volontaires\/#webpage","url":"https:\/\/uaportail.fr\/photodemaidan\/2014\/10\/les-volontaires\/","name":"Les volontaires - \u00ab Maidan \u2022 Ukraine \u2022 Europe \u00bb","isPartOf":{"@id":"https:\/\/uaportail.fr\/photodemaidan\/#website"},"primaryImageOfPage":{"@id":"https:\/\/uaportail.fr\/photodemaidan\/2014\/10\/les-volontaires\/#primaryimage"},"datePublished":"2014-10-07T11:00:47+00:00","dateModified":"2014-10-25T15:30:12+00:00","author":{"@id":""},"breadcrumb":{"@id":"https:\/\/uaportail.fr\/photodemaidan\/2014\/10\/les-volontaires\/#breadcrumb"},"inLanguage":"en-GB","potentialAction":[{"@type":"ReadAction","target":["https:\/\/uaportail.fr\/photodemaidan\/2014\/10\/les-volontaires\/"]}]},{"@type":"BreadcrumbList","@id":"https:\/\/uaportail.fr\/photodemaidan\/2014\/10\/les-volontaires\/#breadcrumb","itemListElement":[{"@type":"ListItem","position":1,"name":"Home","item":"https:\/\/uaportail.fr\/photodemaidan\/"},{"@type":"ListItem","position":2,"name":"Les volontaires"}]},{"@type":"Person","@id":"","url":"https:\/\/uaportail.fr\/photodemaidan\/author\/"}]}},"_links":{"self":[{"href":"https:\/\/uaportail.fr\/photodemaidan\/wp-json\/wp\/v2\/posts\/184"}],"collection":[{"href":"https:\/\/uaportail.fr\/photodemaidan\/wp-json\/wp\/v2\/posts"}],"about":[{"href":"https:\/\/uaportail.fr\/photodemaidan\/wp-json\/wp\/v2\/types\/post"}],"author":[{"embeddable":true,"href":"https:\/\/uaportail.fr\/photodemaidan\/wp-json\/wp\/v2\/users\/5"}],"replies":[{"embeddable":true,"href":"https:\/\/uaportail.fr\/photodemaidan\/wp-json\/wp\/v2\/comments?post=184"}],"version-history":[{"count":0,"href":"https:\/\/uaportail.fr\/photodemaidan\/wp-json\/wp\/v2\/posts\/184\/revisions"}],"wp:featuredmedia":[{"embeddable":true,"href":"https:\/\/uaportail.fr\/photodemaidan\/wp-json\/wp\/v2\/media\/280"}],"wp:attachment":[{"href":"https:\/\/uaportail.fr\/photodemaidan\/wp-json\/wp\/v2\/media?parent=184"}],"wp:term":[{"taxonomy":"category","embeddable":true,"href":"https:\/\/uaportail.fr\/photodemaidan\/wp-json\/wp\/v2\/categories?post=184"},{"taxonomy":"post_tag","embeddable":true,"href":"https:\/\/uaportail.fr\/photodemaidan\/wp-json\/wp\/v2\/tags?post=184"}],"curies":[{"name":"wp","href":"https:\/\/api.w.org\/{rel}","templated":true}]}}