{"id":17,"date":"2014-10-04T23:07:10","date_gmt":"2014-10-04T22:07:10","guid":{"rendered":"http:\/\/uaportail.fr\/photodemaidan\/?p=17"},"modified":"2014-10-25T16:29:26","modified_gmt":"2014-10-25T15:29:26","slug":"les-affrontements","status":"publish","type":"post","link":"https:\/\/uaportail.fr\/photodemaidan\/2014\/10\/les-affrontements\/","title":{"rendered":"Les affrontements"},"content":{"rendered":"<p><a href=\"http:\/\/uaportail.fr\/photodemaidan\/wp-content\/uploads\/sites\/3\/2014\/10\/10639351_574850359310626_133608333180768457_n.jpg\"><img loading=\"lazy\" class=\"alignnone wp-image-284 size-full\" src=\"http:\/\/uaportail.fr\/photodemaidan\/wp-content\/uploads\/sites\/3\/2014\/10\/10639351_574850359310626_133608333180768457_n.jpg\" alt=\"\" width=\"960\" height=\"720\" srcset=\"https:\/\/uaportail.fr\/photodemaidan\/wp-content\/uploads\/sites\/3\/2014\/10\/10639351_574850359310626_133608333180768457_n.jpg 960w, https:\/\/uaportail.fr\/photodemaidan\/wp-content\/uploads\/sites\/3\/2014\/10\/10639351_574850359310626_133608333180768457_n-300x225.jpg 300w\" sizes=\"(max-width: 960px) 100vw, 960px\" \/><\/a><br \/>\nLes heurts des activistes de l\u2019Euroma\u00efdan avec les unit\u00e9s arm\u00e9es de l\u2019Etat se produisaient en permanence durant ces mois. Au tout d\u00e9but, les gens n\u2019\u00e9taient pas arm\u00e9s puisqu\u2019ils sortaient pour une action pacifique ; mais ensuite, apr\u00e8s qu\u2019on eut tent\u00e9 \u00e0 plusieurs reprises le \u00ab nettoyage \u00bb du Ma\u00efdan, les gens ont commenc\u00e9 \u00e0 s\u2019armer eux-m\u00eames, de b\u00e2tons, de cocktails Molotov, (de\u00a0dispositifs gazeux bricol\u00e9s pour leur d\u00e9fense personnelle, fabriqu\u00e9s \u00e0 partir d\u2019essence), de p\u00e9tards pour contrer les actions ill\u00e9gales du pouvoir. Les heurts avaient tr\u00e8s souvent lieu la nuit lorsque la\u00a0plupart des gens se dispersaient pour rentrer chez eux et qu\u2019il ne restait plus que les hommes qui d\u00e9fendaient la place. C\u2019est alors que les forces sp\u00e9ciales y dirigeaient leurs assauts et s\u2019effor\u00e7aient,\u00a0durant trois ou quatre heures, de d\u00e9loger les gens du Ma\u00efdan, employant pour cela les jets d\u2019eau.\u00a0Durant quelques mois, on a affr\u00e9t\u00e9, dans diff\u00e9rentes villes d\u2019Ukraine, des autobus qui acheminaient \u00e0 Kiev des personnes \u00abaffect\u00e9es sp\u00e9cialement\u00bb ainsi que des forces \u00ab diverses \u00bb dont l\u2019objectif \u00e9tait de chasser les activistes. Ceux qui habitaient les villes que traversaient ces autobus formaient un cordon humain sur la route et s\u2019effor\u00e7aient par tous les moyens de les stopper. Sur le Ma\u00efdan, les gens construisaient des barricades pour se d\u00e9fendre et cr\u00e9er une r\u00e9bellion contre \u00ables personnes sp\u00e9cialement affect\u00e9es\u00bb. Le Ma\u00efdan fut assailli d\u2019innombrables fois, les barricades furent d\u00e9molies, les participants furent attrap\u00e9s et plac\u00e9s en isolement pour enqu\u00eate; mais les barricades apparurent \u00e0 nouveau, des personnes de plus en plus nombreuses convergeaient vers Kiev et se rendaient au Ma\u00efdan pour d\u00e9fendre leur pays.<\/p>\n","protected":false},"excerpt":{"rendered":"<p>Les heurts des activistes de l\u2019Euroma\u00efdan avec les unit\u00e9s arm\u00e9es de l\u2019Etat se produisaient en permanence durant ces mois. Au tout d\u00e9but, les gens n\u2019\u00e9taient pas arm\u00e9s puisqu\u2019ils sortaient pour une action pacifique ; mais ensuite, apr\u00e8s qu\u2019on eut tent\u00e9 \u00e0 plusieurs reprises le \u00ab nettoyage \u00bb du Ma\u00efdan, les gens ont commenc\u00e9 \u00e0 s\u2019armer &hellip;<\/p>\n","protected":false},"author":1,"featured_media":284,"comment_status":"closed","ping_status":"open","sticky":false,"template":"","format":"image","meta":[],"categories":[47],"tags":[],"yoast_head":"<!-- This site is optimized with the Yoast SEO plugin v19.0 - https:\/\/yoast.com\/wordpress\/plugins\/seo\/ -->\n<title>Les affrontements - \u00ab Maidan \u2022 Ukraine \u2022 Europe \u00bb<\/title>\n<meta name=\"robots\" content=\"index, follow, max-snippet:-1, max-image-preview:large, max-video-preview:-1\" \/>\n<link rel=\"canonical\" href=\"https:\/\/uaportail.fr\/photodemaidan\/2014\/10\/les-affrontements\/\" \/>\n<meta property=\"og:locale\" content=\"en_GB\" \/>\n<meta property=\"og:type\" content=\"article\" \/>\n<meta property=\"og:title\" content=\"Les affrontements - \u00ab Maidan \u2022 Ukraine \u2022 Europe \u00bb\" \/>\n<meta property=\"og:description\" content=\"Les heurts des activistes de l\u2019Euroma\u00efdan avec les unit\u00e9s arm\u00e9es de l\u2019Etat se produisaient en permanence durant ces mois. Au tout d\u00e9but, les gens n\u2019\u00e9taient pas arm\u00e9s puisqu\u2019ils sortaient pour une action pacifique ; mais ensuite, apr\u00e8s qu\u2019on eut tent\u00e9 \u00e0 plusieurs reprises le \u00ab nettoyage \u00bb du Ma\u00efdan, les gens ont commenc\u00e9 \u00e0 s\u2019armer &hellip;\" \/>\n<meta property=\"og:url\" content=\"https:\/\/uaportail.fr\/photodemaidan\/2014\/10\/les-affrontements\/\" \/>\n<meta property=\"og:site_name\" content=\"\u00ab Maidan \u2022 Ukraine \u2022 Europe \u00bb\" \/>\n<meta property=\"article:publisher\" content=\"https:\/\/www.facebook.com\/groups\/uaLille\/\" \/>\n<meta property=\"article:published_time\" content=\"2014-10-04T22:07:10+00:00\" \/>\n<meta property=\"article:modified_time\" content=\"2014-10-25T15:29:26+00:00\" \/>\n<meta property=\"og:image\" content=\"https:\/\/uaportail.fr\/photodemaidan\/wp-content\/uploads\/sites\/3\/2014\/10\/10639351_574850359310626_133608333180768457_n.jpg\" \/>\n\t<meta property=\"og:image:width\" content=\"960\" \/>\n\t<meta property=\"og:image:height\" content=\"720\" \/>\n\t<meta property=\"og:image:type\" content=\"image\/jpeg\" \/>\n<meta name=\"twitter:label1\" content=\"Written by\" \/>\n\t<meta name=\"twitter:data1\" content=\"Lusy DOLIA\" \/>\n\t<meta name=\"twitter:label2\" content=\"Estimated reading time\" \/>\n\t<meta name=\"twitter:data2\" content=\"2 minutes\" \/>\n<script type=\"application\/ld+json\" class=\"yoast-schema-graph\">{\"@context\":\"https:\/\/schema.org\",\"@graph\":[{\"@type\":\"WebSite\",\"@id\":\"https:\/\/uaportail.fr\/photodemaidan\/#website\",\"url\":\"https:\/\/uaportail.fr\/photodemaidan\/\",\"name\":\"\u00ab Maidan \u2022 Ukraine \u2022 Europe \u00bb\",\"description\":\"Exposition \u2022 Projection \u2022 Conf\u00e9rence\",\"potentialAction\":[{\"@type\":\"SearchAction\",\"target\":{\"@type\":\"EntryPoint\",\"urlTemplate\":\"https:\/\/uaportail.fr\/photodemaidan\/?s={search_term_string}\"},\"query-input\":\"required name=search_term_string\"}],\"inLanguage\":\"en-GB\"},{\"@type\":\"ImageObject\",\"inLanguage\":\"en-GB\",\"@id\":\"https:\/\/uaportail.fr\/photodemaidan\/2014\/10\/les-affrontements\/#primaryimage\",\"url\":\"https:\/\/uaportail.fr\/photodemaidan\/wp-content\/uploads\/sites\/3\/2014\/10\/10639351_574850359310626_133608333180768457_n.jpg\",\"contentUrl\":\"https:\/\/uaportail.fr\/photodemaidan\/wp-content\/uploads\/sites\/3\/2014\/10\/10639351_574850359310626_133608333180768457_n.jpg\",\"width\":960,\"height\":720},{\"@type\":\"WebPage\",\"@id\":\"https:\/\/uaportail.fr\/photodemaidan\/2014\/10\/les-affrontements\/#webpage\",\"url\":\"https:\/\/uaportail.fr\/photodemaidan\/2014\/10\/les-affrontements\/\",\"name\":\"Les affrontements - \u00ab Maidan \u2022 Ukraine \u2022 Europe \u00bb\",\"isPartOf\":{\"@id\":\"https:\/\/uaportail.fr\/photodemaidan\/#website\"},\"primaryImageOfPage\":{\"@id\":\"https:\/\/uaportail.fr\/photodemaidan\/2014\/10\/les-affrontements\/#primaryimage\"},\"datePublished\":\"2014-10-04T22:07:10+00:00\",\"dateModified\":\"2014-10-25T15:29:26+00:00\",\"author\":{\"@id\":\"https:\/\/uaportail.fr\/photodemaidan\/#\/schema\/person\/3e64e03e0f3b3694829081383fa7f7a4\"},\"breadcrumb\":{\"@id\":\"https:\/\/uaportail.fr\/photodemaidan\/2014\/10\/les-affrontements\/#breadcrumb\"},\"inLanguage\":\"en-GB\",\"potentialAction\":[{\"@type\":\"ReadAction\",\"target\":[\"https:\/\/uaportail.fr\/photodemaidan\/2014\/10\/les-affrontements\/\"]}]},{\"@type\":\"BreadcrumbList\",\"@id\":\"https:\/\/uaportail.fr\/photodemaidan\/2014\/10\/les-affrontements\/#breadcrumb\",\"itemListElement\":[{\"@type\":\"ListItem\",\"position\":1,\"name\":\"Home\",\"item\":\"https:\/\/uaportail.fr\/photodemaidan\/\"},{\"@type\":\"ListItem\",\"position\":2,\"name\":\"Les affrontements\"}]},{\"@type\":\"Person\",\"@id\":\"https:\/\/uaportail.fr\/photodemaidan\/#\/schema\/person\/3e64e03e0f3b3694829081383fa7f7a4\",\"name\":\"Lusy DOLIA\",\"image\":{\"@type\":\"ImageObject\",\"inLanguage\":\"en-GB\",\"@id\":\"https:\/\/uaportail.fr\/photodemaidan\/#\/schema\/person\/image\/\",\"url\":\"https:\/\/secure.gravatar.com\/avatar\/bd65b7701ca4f5b43f94e220270da6ec?s=96&d=mm&r=g\",\"contentUrl\":\"https:\/\/secure.gravatar.com\/avatar\/bd65b7701ca4f5b43f94e220270da6ec?s=96&d=mm&r=g\",\"caption\":\"Lusy DOLIA\"},\"url\":\"https:\/\/uaportail.fr\/photodemaidan\/author\/lusy-dolia\/\"}]}<\/script>\n<!-- \/ Yoast SEO plugin. -->","yoast_head_json":{"title":"Les affrontements - \u00ab Maidan \u2022 Ukraine \u2022 Europe \u00bb","robots":{"index":"index","follow":"follow","max-snippet":"max-snippet:-1","max-image-preview":"max-image-preview:large","max-video-preview":"max-video-preview:-1"},"canonical":"https:\/\/uaportail.fr\/photodemaidan\/2014\/10\/les-affrontements\/","og_locale":"en_GB","og_type":"article","og_title":"Les affrontements - \u00ab Maidan \u2022 Ukraine \u2022 Europe \u00bb","og_description":"Les heurts des activistes de l\u2019Euroma\u00efdan avec les unit\u00e9s arm\u00e9es de l\u2019Etat se produisaient en permanence durant ces mois. Au tout d\u00e9but, les gens n\u2019\u00e9taient pas arm\u00e9s puisqu\u2019ils sortaient pour une action pacifique ; mais ensuite, apr\u00e8s qu\u2019on eut tent\u00e9 \u00e0 plusieurs reprises le \u00ab nettoyage \u00bb du Ma\u00efdan, les gens ont commenc\u00e9 \u00e0 s\u2019armer &hellip;","og_url":"https:\/\/uaportail.fr\/photodemaidan\/2014\/10\/les-affrontements\/","og_site_name":"\u00ab Maidan \u2022 Ukraine \u2022 Europe \u00bb","article_publisher":"https:\/\/www.facebook.com\/groups\/uaLille\/","article_published_time":"2014-10-04T22:07:10+00:00","article_modified_time":"2014-10-25T15:29:26+00:00","og_image":[{"width":960,"height":720,"url":"https:\/\/uaportail.fr\/photodemaidan\/wp-content\/uploads\/sites\/3\/2014\/10\/10639351_574850359310626_133608333180768457_n.jpg","type":"image\/jpeg"}],"twitter_misc":{"Written by":"Lusy DOLIA","Estimated reading time":"2 minutes"},"schema":{"@context":"https:\/\/schema.org","@graph":[{"@type":"WebSite","@id":"https:\/\/uaportail.fr\/photodemaidan\/#website","url":"https:\/\/uaportail.fr\/photodemaidan\/","name":"\u00ab Maidan \u2022 Ukraine \u2022 Europe \u00bb","description":"Exposition \u2022 Projection \u2022 Conf\u00e9rence","potentialAction":[{"@type":"SearchAction","target":{"@type":"EntryPoint","urlTemplate":"https:\/\/uaportail.fr\/photodemaidan\/?s={search_term_string}"},"query-input":"required name=search_term_string"}],"inLanguage":"en-GB"},{"@type":"ImageObject","inLanguage":"en-GB","@id":"https:\/\/uaportail.fr\/photodemaidan\/2014\/10\/les-affrontements\/#primaryimage","url":"https:\/\/uaportail.fr\/photodemaidan\/wp-content\/uploads\/sites\/3\/2014\/10\/10639351_574850359310626_133608333180768457_n.jpg","contentUrl":"https:\/\/uaportail.fr\/photodemaidan\/wp-content\/uploads\/sites\/3\/2014\/10\/10639351_574850359310626_133608333180768457_n.jpg","width":960,"height":720},{"@type":"WebPage","@id":"https:\/\/uaportail.fr\/photodemaidan\/2014\/10\/les-affrontements\/#webpage","url":"https:\/\/uaportail.fr\/photodemaidan\/2014\/10\/les-affrontements\/","name":"Les affrontements - \u00ab Maidan \u2022 Ukraine \u2022 Europe \u00bb","isPartOf":{"@id":"https:\/\/uaportail.fr\/photodemaidan\/#website"},"primaryImageOfPage":{"@id":"https:\/\/uaportail.fr\/photodemaidan\/2014\/10\/les-affrontements\/#primaryimage"},"datePublished":"2014-10-04T22:07:10+00:00","dateModified":"2014-10-25T15:29:26+00:00","author":{"@id":"https:\/\/uaportail.fr\/photodemaidan\/#\/schema\/person\/3e64e03e0f3b3694829081383fa7f7a4"},"breadcrumb":{"@id":"https:\/\/uaportail.fr\/photodemaidan\/2014\/10\/les-affrontements\/#breadcrumb"},"inLanguage":"en-GB","potentialAction":[{"@type":"ReadAction","target":["https:\/\/uaportail.fr\/photodemaidan\/2014\/10\/les-affrontements\/"]}]},{"@type":"BreadcrumbList","@id":"https:\/\/uaportail.fr\/photodemaidan\/2014\/10\/les-affrontements\/#breadcrumb","itemListElement":[{"@type":"ListItem","position":1,"name":"Home","item":"https:\/\/uaportail.fr\/photodemaidan\/"},{"@type":"ListItem","position":2,"name":"Les affrontements"}]},{"@type":"Person","@id":"https:\/\/uaportail.fr\/photodemaidan\/#\/schema\/person\/3e64e03e0f3b3694829081383fa7f7a4","name":"Lusy DOLIA","image":{"@type":"ImageObject","inLanguage":"en-GB","@id":"https:\/\/uaportail.fr\/photodemaidan\/#\/schema\/person\/image\/","url":"https:\/\/secure.gravatar.com\/avatar\/bd65b7701ca4f5b43f94e220270da6ec?s=96&d=mm&r=g","contentUrl":"https:\/\/secure.gravatar.com\/avatar\/bd65b7701ca4f5b43f94e220270da6ec?s=96&d=mm&r=g","caption":"Lusy DOLIA"},"url":"https:\/\/uaportail.fr\/photodemaidan\/author\/lusy-dolia\/"}]}},"_links":{"self":[{"href":"https:\/\/uaportail.fr\/photodemaidan\/wp-json\/wp\/v2\/posts\/17"}],"collection":[{"href":"https:\/\/uaportail.fr\/photodemaidan\/wp-json\/wp\/v2\/posts"}],"about":[{"href":"https:\/\/uaportail.fr\/photodemaidan\/wp-json\/wp\/v2\/types\/post"}],"author":[{"embeddable":true,"href":"https:\/\/uaportail.fr\/photodemaidan\/wp-json\/wp\/v2\/users\/1"}],"replies":[{"embeddable":true,"href":"https:\/\/uaportail.fr\/photodemaidan\/wp-json\/wp\/v2\/comments?post=17"}],"version-history":[{"count":0,"href":"https:\/\/uaportail.fr\/photodemaidan\/wp-json\/wp\/v2\/posts\/17\/revisions"}],"wp:featuredmedia":[{"embeddable":true,"href":"https:\/\/uaportail.fr\/photodemaidan\/wp-json\/wp\/v2\/media\/284"}],"wp:attachment":[{"href":"https:\/\/uaportail.fr\/photodemaidan\/wp-json\/wp\/v2\/media?parent=17"}],"wp:term":[{"taxonomy":"category","embeddable":true,"href":"https:\/\/uaportail.fr\/photodemaidan\/wp-json\/wp\/v2\/categories?post=17"},{"taxonomy":"post_tag","embeddable":true,"href":"https:\/\/uaportail.fr\/photodemaidan\/wp-json\/wp\/v2\/tags?post=17"}],"curies":[{"name":"wp","href":"https:\/\/api.w.org\/{rel}","templated":true}]}}