{"id":15,"date":"2014-10-04T23:06:46","date_gmt":"2014-10-04T22:06:46","guid":{"rendered":"http:\/\/uaportail.fr\/photodemaidan\/?p=15"},"modified":"2014-10-25T16:30:33","modified_gmt":"2014-10-25T15:30:33","slug":"le-froid","status":"publish","type":"post","link":"https:\/\/uaportail.fr\/photodemaidan\/2014\/10\/le-froid\/","title":{"rendered":"Le froid"},"content":{"rendered":"<p><a href=\"http:\/\/uaportail.fr\/photodemaidan\/wp-content\/uploads\/sites\/3\/2014\/10\/1902984_574849192644076_2760702552944502151_n.jpg\"><img loading=\"lazy\" class=\"alignnone size-full wp-image-281\" src=\"http:\/\/uaportail.fr\/photodemaidan\/wp-content\/uploads\/sites\/3\/2014\/10\/1902984_574849192644076_2760702552944502151_n.jpg\" alt=\"Le froid au Maidan\" width=\"960\" height=\"640\" srcset=\"https:\/\/uaportail.fr\/photodemaidan\/wp-content\/uploads\/sites\/3\/2014\/10\/1902984_574849192644076_2760702552944502151_n.jpg 960w, https:\/\/uaportail.fr\/photodemaidan\/wp-content\/uploads\/sites\/3\/2014\/10\/1902984_574849192644076_2760702552944502151_n-300x200.jpg 300w\" sizes=\"(max-width: 960px) 100vw, 960px\" \/><\/a><\/p>\n<p><span class=\"UFICommentBody\">L\u2019hiver fut incroyablement rigoureux, tel qu\u2019habituellement en Ukraine. D\u00e9cembre ne fut pas encore tellement froid mais en janvier et f\u00e9vrier la temp\u00e9rature tomba \u00e0 \u2013 23 degr\u00e9s. Les gens v\u00e9curent plusieurs mois, sur le Ma\u00efdan, dans cette temp\u00e9rature ext\u00e9rieure glaciale car ils comprenaient parfaitement que s\u2019ils partaient et se rendaient, ils perdaient et ils perdaient tout ce qui avait \u00e9t\u00e9 mis en \u0153uvre pour en arriver l\u00e0; et vaines auraient \u00e9t\u00e9 toutes les victimes et vains tous les mutil\u00e9s \u2014 et le pouvoir n\u2019attendait que cela! Mais le peuple ukrainien est tr\u00e8s persistant en esprit et tu ne l\u2019effraierais pas avec le froid glacial ! Gr\u00e2ce aux m\u00e9c\u00e8nes et aux activistes, on r\u00e9cup\u00e9ra de nombreuses paires de chaussures et affaires chaudes. Sur la sc\u00e8ne dress\u00e9e au milieu du Ma\u00efdan, il y avait constamment quelqu\u2019un qui intervenait, et une id\u00e9e r\u00e9chauffait les gens, l\u2019id\u00e9e de l\u2019ind\u00e9pendance. Les militants et les participants se sont fabriqu\u00e9s des tonneaux sp\u00e9ciaux auxquels on pouvait se r\u00e9chauffer et aupr\u00e8s desquels on pouvait se reposer. Certaines tentes poss\u00e9daient un chauffage: on pouvait aussi s\u2019y reposer et s\u2019y r\u00e9chauffer. Parfois, en p\u00e9riode d\u2019affrontement, les gens \u00e9taient amen\u00e9s \u00e0 se tenir debout pendant des heures dans le froid glacial, d\u00e9fendant ainsi les \u00ab fronti\u00e8res \u00bb de leur Ma\u00efdan de la milice et des troupes de l\u2019arm\u00e9e; dans ce m\u00eame temps, la milice renouvelait constamment ses troupes, effectuait des roulements, permettant ainsi \u00e0 ses\u00a0hommes de se reposer et de se r\u00e9chauffer. Il faisait froid, l\u2019ambiance \u00e9tait lourde et effrayante parce que personne ne savait ce qui allait advenir, mais tous savaient qu\u2019il fallait rester. Et le Ma\u00efdan a tenu&#8230; a tenu jusqu \u2018au coeur du printemps.<\/span><\/p>\n","protected":false},"excerpt":{"rendered":"<p>L\u2019hiver fut incroyablement rigoureux, tel qu\u2019habituellement en Ukraine. D\u00e9cembre ne fut pas encore tellement froid mais en janvier et f\u00e9vrier la temp\u00e9rature tomba \u00e0 \u2013 23 degr\u00e9s. Les gens v\u00e9curent plusieurs mois, sur le Ma\u00efdan, dans cette temp\u00e9rature ext\u00e9rieure glaciale car ils comprenaient parfaitement que s\u2019ils partaient et se rendaient, ils perdaient et ils perdaient &hellip;<\/p>\n","protected":false},"author":1,"featured_media":281,"comment_status":"closed","ping_status":"open","sticky":false,"template":"","format":"image","meta":[],"categories":[49],"tags":[],"yoast_head":"<!-- This site is optimized with the Yoast SEO plugin v19.0 - https:\/\/yoast.com\/wordpress\/plugins\/seo\/ -->\n<title>Le froid - \u00ab Maidan \u2022 Ukraine \u2022 Europe \u00bb<\/title>\n<meta name=\"robots\" content=\"index, follow, max-snippet:-1, max-image-preview:large, max-video-preview:-1\" \/>\n<link rel=\"canonical\" href=\"https:\/\/uaportail.fr\/photodemaidan\/2014\/10\/le-froid\/\" \/>\n<meta property=\"og:locale\" content=\"en_GB\" \/>\n<meta property=\"og:type\" content=\"article\" \/>\n<meta property=\"og:title\" content=\"Le froid - \u00ab Maidan \u2022 Ukraine \u2022 Europe \u00bb\" \/>\n<meta property=\"og:description\" content=\"L\u2019hiver fut incroyablement rigoureux, tel qu\u2019habituellement en Ukraine. D\u00e9cembre ne fut pas encore tellement froid mais en janvier et f\u00e9vrier la temp\u00e9rature tomba \u00e0 \u2013 23 degr\u00e9s. Les gens v\u00e9curent plusieurs mois, sur le Ma\u00efdan, dans cette temp\u00e9rature ext\u00e9rieure glaciale car ils comprenaient parfaitement que s\u2019ils partaient et se rendaient, ils perdaient et ils perdaient &hellip;\" \/>\n<meta property=\"og:url\" content=\"https:\/\/uaportail.fr\/photodemaidan\/2014\/10\/le-froid\/\" \/>\n<meta property=\"og:site_name\" content=\"\u00ab Maidan \u2022 Ukraine \u2022 Europe \u00bb\" \/>\n<meta property=\"article:publisher\" content=\"https:\/\/www.facebook.com\/groups\/uaLille\/\" \/>\n<meta property=\"article:published_time\" content=\"2014-10-04T22:06:46+00:00\" \/>\n<meta property=\"article:modified_time\" content=\"2014-10-25T15:30:33+00:00\" \/>\n<meta property=\"og:image\" content=\"https:\/\/uaportail.fr\/photodemaidan\/wp-content\/uploads\/sites\/3\/2014\/10\/1902984_574849192644076_2760702552944502151_n.jpg\" \/>\n\t<meta property=\"og:image:width\" content=\"960\" \/>\n\t<meta property=\"og:image:height\" content=\"640\" \/>\n\t<meta property=\"og:image:type\" content=\"image\/jpeg\" \/>\n<meta name=\"twitter:label1\" content=\"Written by\" \/>\n\t<meta name=\"twitter:data1\" content=\"Lusy DOLIA\" \/>\n\t<meta name=\"twitter:label2\" content=\"Estimated reading time\" \/>\n\t<meta name=\"twitter:data2\" content=\"2 minutes\" \/>\n<script type=\"application\/ld+json\" class=\"yoast-schema-graph\">{\"@context\":\"https:\/\/schema.org\",\"@graph\":[{\"@type\":\"WebSite\",\"@id\":\"https:\/\/uaportail.fr\/photodemaidan\/#website\",\"url\":\"https:\/\/uaportail.fr\/photodemaidan\/\",\"name\":\"\u00ab Maidan \u2022 Ukraine \u2022 Europe \u00bb\",\"description\":\"Exposition \u2022 Projection \u2022 Conf\u00e9rence\",\"potentialAction\":[{\"@type\":\"SearchAction\",\"target\":{\"@type\":\"EntryPoint\",\"urlTemplate\":\"https:\/\/uaportail.fr\/photodemaidan\/?s={search_term_string}\"},\"query-input\":\"required name=search_term_string\"}],\"inLanguage\":\"en-GB\"},{\"@type\":\"ImageObject\",\"inLanguage\":\"en-GB\",\"@id\":\"https:\/\/uaportail.fr\/photodemaidan\/2014\/10\/le-froid\/#primaryimage\",\"url\":\"https:\/\/uaportail.fr\/photodemaidan\/wp-content\/uploads\/sites\/3\/2014\/10\/1902984_574849192644076_2760702552944502151_n.jpg\",\"contentUrl\":\"https:\/\/uaportail.fr\/photodemaidan\/wp-content\/uploads\/sites\/3\/2014\/10\/1902984_574849192644076_2760702552944502151_n.jpg\",\"width\":960,\"height\":640,\"caption\":\"Le froid au Maidan\"},{\"@type\":\"WebPage\",\"@id\":\"https:\/\/uaportail.fr\/photodemaidan\/2014\/10\/le-froid\/#webpage\",\"url\":\"https:\/\/uaportail.fr\/photodemaidan\/2014\/10\/le-froid\/\",\"name\":\"Le froid - \u00ab Maidan \u2022 Ukraine \u2022 Europe \u00bb\",\"isPartOf\":{\"@id\":\"https:\/\/uaportail.fr\/photodemaidan\/#website\"},\"primaryImageOfPage\":{\"@id\":\"https:\/\/uaportail.fr\/photodemaidan\/2014\/10\/le-froid\/#primaryimage\"},\"datePublished\":\"2014-10-04T22:06:46+00:00\",\"dateModified\":\"2014-10-25T15:30:33+00:00\",\"author\":{\"@id\":\"https:\/\/uaportail.fr\/photodemaidan\/#\/schema\/person\/3e64e03e0f3b3694829081383fa7f7a4\"},\"breadcrumb\":{\"@id\":\"https:\/\/uaportail.fr\/photodemaidan\/2014\/10\/le-froid\/#breadcrumb\"},\"inLanguage\":\"en-GB\",\"potentialAction\":[{\"@type\":\"ReadAction\",\"target\":[\"https:\/\/uaportail.fr\/photodemaidan\/2014\/10\/le-froid\/\"]}]},{\"@type\":\"BreadcrumbList\",\"@id\":\"https:\/\/uaportail.fr\/photodemaidan\/2014\/10\/le-froid\/#breadcrumb\",\"itemListElement\":[{\"@type\":\"ListItem\",\"position\":1,\"name\":\"Home\",\"item\":\"https:\/\/uaportail.fr\/photodemaidan\/\"},{\"@type\":\"ListItem\",\"position\":2,\"name\":\"Le froid\"}]},{\"@type\":\"Person\",\"@id\":\"https:\/\/uaportail.fr\/photodemaidan\/#\/schema\/person\/3e64e03e0f3b3694829081383fa7f7a4\",\"name\":\"Lusy DOLIA\",\"image\":{\"@type\":\"ImageObject\",\"inLanguage\":\"en-GB\",\"@id\":\"https:\/\/uaportail.fr\/photodemaidan\/#\/schema\/person\/image\/\",\"url\":\"https:\/\/secure.gravatar.com\/avatar\/bd65b7701ca4f5b43f94e220270da6ec?s=96&d=mm&r=g\",\"contentUrl\":\"https:\/\/secure.gravatar.com\/avatar\/bd65b7701ca4f5b43f94e220270da6ec?s=96&d=mm&r=g\",\"caption\":\"Lusy DOLIA\"},\"url\":\"https:\/\/uaportail.fr\/photodemaidan\/author\/lusy-dolia\/\"}]}<\/script>\n<!-- \/ Yoast SEO plugin. -->","yoast_head_json":{"title":"Le froid - \u00ab Maidan \u2022 Ukraine \u2022 Europe \u00bb","robots":{"index":"index","follow":"follow","max-snippet":"max-snippet:-1","max-image-preview":"max-image-preview:large","max-video-preview":"max-video-preview:-1"},"canonical":"https:\/\/uaportail.fr\/photodemaidan\/2014\/10\/le-froid\/","og_locale":"en_GB","og_type":"article","og_title":"Le froid - \u00ab Maidan \u2022 Ukraine \u2022 Europe \u00bb","og_description":"L\u2019hiver fut incroyablement rigoureux, tel qu\u2019habituellement en Ukraine. D\u00e9cembre ne fut pas encore tellement froid mais en janvier et f\u00e9vrier la temp\u00e9rature tomba \u00e0 \u2013 23 degr\u00e9s. Les gens v\u00e9curent plusieurs mois, sur le Ma\u00efdan, dans cette temp\u00e9rature ext\u00e9rieure glaciale car ils comprenaient parfaitement que s\u2019ils partaient et se rendaient, ils perdaient et ils perdaient &hellip;","og_url":"https:\/\/uaportail.fr\/photodemaidan\/2014\/10\/le-froid\/","og_site_name":"\u00ab Maidan \u2022 Ukraine \u2022 Europe \u00bb","article_publisher":"https:\/\/www.facebook.com\/groups\/uaLille\/","article_published_time":"2014-10-04T22:06:46+00:00","article_modified_time":"2014-10-25T15:30:33+00:00","og_image":[{"width":960,"height":640,"url":"https:\/\/uaportail.fr\/photodemaidan\/wp-content\/uploads\/sites\/3\/2014\/10\/1902984_574849192644076_2760702552944502151_n.jpg","type":"image\/jpeg"}],"twitter_misc":{"Written by":"Lusy DOLIA","Estimated reading time":"2 minutes"},"schema":{"@context":"https:\/\/schema.org","@graph":[{"@type":"WebSite","@id":"https:\/\/uaportail.fr\/photodemaidan\/#website","url":"https:\/\/uaportail.fr\/photodemaidan\/","name":"\u00ab Maidan \u2022 Ukraine \u2022 Europe \u00bb","description":"Exposition \u2022 Projection \u2022 Conf\u00e9rence","potentialAction":[{"@type":"SearchAction","target":{"@type":"EntryPoint","urlTemplate":"https:\/\/uaportail.fr\/photodemaidan\/?s={search_term_string}"},"query-input":"required name=search_term_string"}],"inLanguage":"en-GB"},{"@type":"ImageObject","inLanguage":"en-GB","@id":"https:\/\/uaportail.fr\/photodemaidan\/2014\/10\/le-froid\/#primaryimage","url":"https:\/\/uaportail.fr\/photodemaidan\/wp-content\/uploads\/sites\/3\/2014\/10\/1902984_574849192644076_2760702552944502151_n.jpg","contentUrl":"https:\/\/uaportail.fr\/photodemaidan\/wp-content\/uploads\/sites\/3\/2014\/10\/1902984_574849192644076_2760702552944502151_n.jpg","width":960,"height":640,"caption":"Le froid au Maidan"},{"@type":"WebPage","@id":"https:\/\/uaportail.fr\/photodemaidan\/2014\/10\/le-froid\/#webpage","url":"https:\/\/uaportail.fr\/photodemaidan\/2014\/10\/le-froid\/","name":"Le froid - \u00ab Maidan \u2022 Ukraine \u2022 Europe \u00bb","isPartOf":{"@id":"https:\/\/uaportail.fr\/photodemaidan\/#website"},"primaryImageOfPage":{"@id":"https:\/\/uaportail.fr\/photodemaidan\/2014\/10\/le-froid\/#primaryimage"},"datePublished":"2014-10-04T22:06:46+00:00","dateModified":"2014-10-25T15:30:33+00:00","author":{"@id":"https:\/\/uaportail.fr\/photodemaidan\/#\/schema\/person\/3e64e03e0f3b3694829081383fa7f7a4"},"breadcrumb":{"@id":"https:\/\/uaportail.fr\/photodemaidan\/2014\/10\/le-froid\/#breadcrumb"},"inLanguage":"en-GB","potentialAction":[{"@type":"ReadAction","target":["https:\/\/uaportail.fr\/photodemaidan\/2014\/10\/le-froid\/"]}]},{"@type":"BreadcrumbList","@id":"https:\/\/uaportail.fr\/photodemaidan\/2014\/10\/le-froid\/#breadcrumb","itemListElement":[{"@type":"ListItem","position":1,"name":"Home","item":"https:\/\/uaportail.fr\/photodemaidan\/"},{"@type":"ListItem","position":2,"name":"Le froid"}]},{"@type":"Person","@id":"https:\/\/uaportail.fr\/photodemaidan\/#\/schema\/person\/3e64e03e0f3b3694829081383fa7f7a4","name":"Lusy DOLIA","image":{"@type":"ImageObject","inLanguage":"en-GB","@id":"https:\/\/uaportail.fr\/photodemaidan\/#\/schema\/person\/image\/","url":"https:\/\/secure.gravatar.com\/avatar\/bd65b7701ca4f5b43f94e220270da6ec?s=96&d=mm&r=g","contentUrl":"https:\/\/secure.gravatar.com\/avatar\/bd65b7701ca4f5b43f94e220270da6ec?s=96&d=mm&r=g","caption":"Lusy DOLIA"},"url":"https:\/\/uaportail.fr\/photodemaidan\/author\/lusy-dolia\/"}]}},"_links":{"self":[{"href":"https:\/\/uaportail.fr\/photodemaidan\/wp-json\/wp\/v2\/posts\/15"}],"collection":[{"href":"https:\/\/uaportail.fr\/photodemaidan\/wp-json\/wp\/v2\/posts"}],"about":[{"href":"https:\/\/uaportail.fr\/photodemaidan\/wp-json\/wp\/v2\/types\/post"}],"author":[{"embeddable":true,"href":"https:\/\/uaportail.fr\/photodemaidan\/wp-json\/wp\/v2\/users\/1"}],"replies":[{"embeddable":true,"href":"https:\/\/uaportail.fr\/photodemaidan\/wp-json\/wp\/v2\/comments?post=15"}],"version-history":[{"count":0,"href":"https:\/\/uaportail.fr\/photodemaidan\/wp-json\/wp\/v2\/posts\/15\/revisions"}],"wp:featuredmedia":[{"embeddable":true,"href":"https:\/\/uaportail.fr\/photodemaidan\/wp-json\/wp\/v2\/media\/281"}],"wp:attachment":[{"href":"https:\/\/uaportail.fr\/photodemaidan\/wp-json\/wp\/v2\/media?parent=15"}],"wp:term":[{"taxonomy":"category","embeddable":true,"href":"https:\/\/uaportail.fr\/photodemaidan\/wp-json\/wp\/v2\/categories?post=15"},{"taxonomy":"post_tag","embeddable":true,"href":"https:\/\/uaportail.fr\/photodemaidan\/wp-json\/wp\/v2\/tags?post=15"}],"curies":[{"name":"wp","href":"https:\/\/api.w.org\/{rel}","templated":true}]}}