{"id":13,"date":"2014-10-04T23:06:05","date_gmt":"2014-10-04T22:06:05","guid":{"rendered":"http:\/\/uaportail.fr\/photodemaidan\/?p=13"},"modified":"2014-10-25T16:31:11","modified_gmt":"2014-10-25T15:31:11","slug":"les-victimes","status":"publish","type":"post","link":"https:\/\/uaportail.fr\/photodemaidan\/2014\/10\/les-victimes\/","title":{"rendered":"Les victimes"},"content":{"rendered":"<p><a href=\"http:\/\/uaportail.fr\/photodemaidan\/wp-content\/uploads\/sites\/3\/2014\/10\/10632779_574848875977441_2919349612546696405_n.jpg\"><img loading=\"lazy\" class=\"alignnone size-full wp-image-282\" src=\"http:\/\/uaportail.fr\/photodemaidan\/wp-content\/uploads\/sites\/3\/2014\/10\/10632779_574848875977441_2919349612546696405_n.jpg\" alt=\"Les victimes au Maidan\" width=\"900\" height=\"600\" srcset=\"https:\/\/uaportail.fr\/photodemaidan\/wp-content\/uploads\/sites\/3\/2014\/10\/10632779_574848875977441_2919349612546696405_n.jpg 900w, https:\/\/uaportail.fr\/photodemaidan\/wp-content\/uploads\/sites\/3\/2014\/10\/10632779_574848875977441_2919349612546696405_n-300x200.jpg 300w\" sizes=\"(max-width: 900px) 100vw, 900px\" \/><\/a><br \/>\nLes mois suivants sont les mois de protestation du peuple ukrainien contre le pouvoir en place et les actions des unit\u00e9s sp\u00e9ciales. Les \u00e9v\u00e9nements du 20 f\u00e9vrier ont r\u00e9volt\u00e9 les Ukrainiens et les gens ont commenc\u00e9 \u00e0 sortir massivement dans les rues de leurs villes. Chaque jour, le soir apr\u00e8s le travail, les gens se rendaient sur l\u2019Euroma\u00efdan o\u00f9 ils passaient du temps: ils y exprimaient leurs pens\u00e9es, chantaient, lisaient des po\u00e8mes et \u00e9changeaient des plans pour les actions \u00e0 venir. Cela dura ainsi quelque temps. Le 22 janvier 2013, les premiers morts surgirent sur le Ma\u00efdan, : Sergue\u00ef Nigoyan, Birman, puis Mikha\u00efl Gysnevskij, Bi\u00e9lorusse. Ils furent abattus avec des armes \u00e0 feu dans les affrontements de la Rue Hroushevski ; le jour suivant, deux autres opposants furent bless\u00e9s et moururent. Ce jour-l\u00e0, on trouva encore, \u00e0 la p\u00e9riph\u00e9rie de Kiev, un corps, celui de Yuri Verbytskiy, activiste, kidnapp\u00e9 d\u2019un h\u00f4pital. Ce fut le d\u00e9but du Ma\u00efdan Sanglant, o\u00f9 des gens moururent pour leurs droits et leur ind\u00e9pendance. Durant janvier et f\u00e9vrier, des activistes commenc\u00e8rent\u00a0\u00e0 dispara\u00eetre r\u00e9guli\u00e8rement \u00e0 la suite d\u2019affrontements avec la milice. De nombreuses personnes furent bless\u00e9es mais les actions du 22 f\u00e9vrier 2013 s\u2019av\u00e9r\u00e8rent terminales et les plus dramatiques de l\u2019histoire de l\u2019Ukraine ind\u00e9pendante. En une journ\u00e9e, en l\u2019espace de quelques heures, plusieurs\u00a0centaines de personnes furent gravement bless\u00e9es et une centaine d\u2019opposants trouv\u00e8rent la mort. Ils furent abattus par des snipers dans le cadre d\u2019une d\u00e9nomm\u00e9e \u00ab action antiterroriste \u00bb men\u00e9e par l\u2019ancien pr\u00e9sident Yanoukovitch et son ministre de l\u2019Int\u00e9rieur, Zakhartchouk Vitaly Yurevitch.<br \/>\nCe furent les moments les plus difficiles et les plus tragiques pour le peuple ukrainien parce que le Ma\u00efdan fut ensanglant\u00e9 du sang des protestataires.<\/p>\n","protected":false},"excerpt":{"rendered":"<p>Les mois suivants sont les mois de protestation du peuple ukrainien contre le pouvoir en place et les actions des unit\u00e9s sp\u00e9ciales. Les \u00e9v\u00e9nements du 20 f\u00e9vrier ont r\u00e9volt\u00e9 les Ukrainiens et les gens ont commenc\u00e9 \u00e0 sortir massivement dans les rues de leurs villes. Chaque jour, le soir apr\u00e8s le travail, les gens se &hellip;<\/p>\n","protected":false},"author":1,"featured_media":282,"comment_status":"closed","ping_status":"open","sticky":false,"template":"","format":"image","meta":[],"categories":[50],"tags":[],"yoast_head":"<!-- This site is optimized with the Yoast SEO plugin v19.0 - https:\/\/yoast.com\/wordpress\/plugins\/seo\/ -->\n<title>Les victimes - \u00ab Maidan \u2022 Ukraine \u2022 Europe \u00bb<\/title>\n<meta name=\"robots\" content=\"index, follow, max-snippet:-1, max-image-preview:large, max-video-preview:-1\" \/>\n<link rel=\"canonical\" href=\"https:\/\/uaportail.fr\/photodemaidan\/2014\/10\/les-victimes\/\" \/>\n<meta property=\"og:locale\" content=\"en_GB\" \/>\n<meta property=\"og:type\" content=\"article\" \/>\n<meta property=\"og:title\" content=\"Les victimes - \u00ab Maidan \u2022 Ukraine \u2022 Europe \u00bb\" \/>\n<meta property=\"og:description\" content=\"Les mois suivants sont les mois de protestation du peuple ukrainien contre le pouvoir en place et les actions des unit\u00e9s sp\u00e9ciales. Les \u00e9v\u00e9nements du 20 f\u00e9vrier ont r\u00e9volt\u00e9 les Ukrainiens et les gens ont commenc\u00e9 \u00e0 sortir massivement dans les rues de leurs villes. Chaque jour, le soir apr\u00e8s le travail, les gens se &hellip;\" \/>\n<meta property=\"og:url\" content=\"https:\/\/uaportail.fr\/photodemaidan\/2014\/10\/les-victimes\/\" \/>\n<meta property=\"og:site_name\" content=\"\u00ab Maidan \u2022 Ukraine \u2022 Europe \u00bb\" \/>\n<meta property=\"article:publisher\" content=\"https:\/\/www.facebook.com\/groups\/uaLille\/\" \/>\n<meta property=\"article:published_time\" content=\"2014-10-04T22:06:05+00:00\" \/>\n<meta property=\"article:modified_time\" content=\"2014-10-25T15:31:11+00:00\" \/>\n<meta property=\"og:image\" content=\"https:\/\/uaportail.fr\/photodemaidan\/wp-content\/uploads\/sites\/3\/2014\/10\/10632779_574848875977441_2919349612546696405_n.jpg\" \/>\n\t<meta property=\"og:image:width\" content=\"900\" \/>\n\t<meta property=\"og:image:height\" content=\"600\" \/>\n\t<meta property=\"og:image:type\" content=\"image\/jpeg\" \/>\n<meta name=\"twitter:label1\" content=\"Written by\" \/>\n\t<meta name=\"twitter:data1\" content=\"Lusy DOLIA\" \/>\n\t<meta name=\"twitter:label2\" content=\"Estimated reading time\" \/>\n\t<meta name=\"twitter:data2\" content=\"2 minutes\" \/>\n<script type=\"application\/ld+json\" class=\"yoast-schema-graph\">{\"@context\":\"https:\/\/schema.org\",\"@graph\":[{\"@type\":\"WebSite\",\"@id\":\"https:\/\/uaportail.fr\/photodemaidan\/#website\",\"url\":\"https:\/\/uaportail.fr\/photodemaidan\/\",\"name\":\"\u00ab Maidan \u2022 Ukraine \u2022 Europe \u00bb\",\"description\":\"Exposition \u2022 Projection \u2022 Conf\u00e9rence\",\"potentialAction\":[{\"@type\":\"SearchAction\",\"target\":{\"@type\":\"EntryPoint\",\"urlTemplate\":\"https:\/\/uaportail.fr\/photodemaidan\/?s={search_term_string}\"},\"query-input\":\"required name=search_term_string\"}],\"inLanguage\":\"en-GB\"},{\"@type\":\"ImageObject\",\"inLanguage\":\"en-GB\",\"@id\":\"https:\/\/uaportail.fr\/photodemaidan\/2014\/10\/les-victimes\/#primaryimage\",\"url\":\"https:\/\/uaportail.fr\/photodemaidan\/wp-content\/uploads\/sites\/3\/2014\/10\/10632779_574848875977441_2919349612546696405_n.jpg\",\"contentUrl\":\"https:\/\/uaportail.fr\/photodemaidan\/wp-content\/uploads\/sites\/3\/2014\/10\/10632779_574848875977441_2919349612546696405_n.jpg\",\"width\":900,\"height\":600,\"caption\":\"Les victimes au Maidan\"},{\"@type\":\"WebPage\",\"@id\":\"https:\/\/uaportail.fr\/photodemaidan\/2014\/10\/les-victimes\/#webpage\",\"url\":\"https:\/\/uaportail.fr\/photodemaidan\/2014\/10\/les-victimes\/\",\"name\":\"Les victimes - \u00ab Maidan \u2022 Ukraine \u2022 Europe \u00bb\",\"isPartOf\":{\"@id\":\"https:\/\/uaportail.fr\/photodemaidan\/#website\"},\"primaryImageOfPage\":{\"@id\":\"https:\/\/uaportail.fr\/photodemaidan\/2014\/10\/les-victimes\/#primaryimage\"},\"datePublished\":\"2014-10-04T22:06:05+00:00\",\"dateModified\":\"2014-10-25T15:31:11+00:00\",\"author\":{\"@id\":\"https:\/\/uaportail.fr\/photodemaidan\/#\/schema\/person\/3e64e03e0f3b3694829081383fa7f7a4\"},\"breadcrumb\":{\"@id\":\"https:\/\/uaportail.fr\/photodemaidan\/2014\/10\/les-victimes\/#breadcrumb\"},\"inLanguage\":\"en-GB\",\"potentialAction\":[{\"@type\":\"ReadAction\",\"target\":[\"https:\/\/uaportail.fr\/photodemaidan\/2014\/10\/les-victimes\/\"]}]},{\"@type\":\"BreadcrumbList\",\"@id\":\"https:\/\/uaportail.fr\/photodemaidan\/2014\/10\/les-victimes\/#breadcrumb\",\"itemListElement\":[{\"@type\":\"ListItem\",\"position\":1,\"name\":\"Home\",\"item\":\"https:\/\/uaportail.fr\/photodemaidan\/\"},{\"@type\":\"ListItem\",\"position\":2,\"name\":\"Les victimes\"}]},{\"@type\":\"Person\",\"@id\":\"https:\/\/uaportail.fr\/photodemaidan\/#\/schema\/person\/3e64e03e0f3b3694829081383fa7f7a4\",\"name\":\"Lusy DOLIA\",\"image\":{\"@type\":\"ImageObject\",\"inLanguage\":\"en-GB\",\"@id\":\"https:\/\/uaportail.fr\/photodemaidan\/#\/schema\/person\/image\/\",\"url\":\"https:\/\/secure.gravatar.com\/avatar\/bd65b7701ca4f5b43f94e220270da6ec?s=96&d=mm&r=g\",\"contentUrl\":\"https:\/\/secure.gravatar.com\/avatar\/bd65b7701ca4f5b43f94e220270da6ec?s=96&d=mm&r=g\",\"caption\":\"Lusy DOLIA\"},\"url\":\"https:\/\/uaportail.fr\/photodemaidan\/author\/lusy-dolia\/\"}]}<\/script>\n<!-- \/ Yoast SEO plugin. -->","yoast_head_json":{"title":"Les victimes - \u00ab Maidan \u2022 Ukraine \u2022 Europe \u00bb","robots":{"index":"index","follow":"follow","max-snippet":"max-snippet:-1","max-image-preview":"max-image-preview:large","max-video-preview":"max-video-preview:-1"},"canonical":"https:\/\/uaportail.fr\/photodemaidan\/2014\/10\/les-victimes\/","og_locale":"en_GB","og_type":"article","og_title":"Les victimes - \u00ab Maidan \u2022 Ukraine \u2022 Europe \u00bb","og_description":"Les mois suivants sont les mois de protestation du peuple ukrainien contre le pouvoir en place et les actions des unit\u00e9s sp\u00e9ciales. Les \u00e9v\u00e9nements du 20 f\u00e9vrier ont r\u00e9volt\u00e9 les Ukrainiens et les gens ont commenc\u00e9 \u00e0 sortir massivement dans les rues de leurs villes. Chaque jour, le soir apr\u00e8s le travail, les gens se &hellip;","og_url":"https:\/\/uaportail.fr\/photodemaidan\/2014\/10\/les-victimes\/","og_site_name":"\u00ab Maidan \u2022 Ukraine \u2022 Europe \u00bb","article_publisher":"https:\/\/www.facebook.com\/groups\/uaLille\/","article_published_time":"2014-10-04T22:06:05+00:00","article_modified_time":"2014-10-25T15:31:11+00:00","og_image":[{"width":900,"height":600,"url":"https:\/\/uaportail.fr\/photodemaidan\/wp-content\/uploads\/sites\/3\/2014\/10\/10632779_574848875977441_2919349612546696405_n.jpg","type":"image\/jpeg"}],"twitter_misc":{"Written by":"Lusy DOLIA","Estimated reading time":"2 minutes"},"schema":{"@context":"https:\/\/schema.org","@graph":[{"@type":"WebSite","@id":"https:\/\/uaportail.fr\/photodemaidan\/#website","url":"https:\/\/uaportail.fr\/photodemaidan\/","name":"\u00ab Maidan \u2022 Ukraine \u2022 Europe \u00bb","description":"Exposition \u2022 Projection \u2022 Conf\u00e9rence","potentialAction":[{"@type":"SearchAction","target":{"@type":"EntryPoint","urlTemplate":"https:\/\/uaportail.fr\/photodemaidan\/?s={search_term_string}"},"query-input":"required name=search_term_string"}],"inLanguage":"en-GB"},{"@type":"ImageObject","inLanguage":"en-GB","@id":"https:\/\/uaportail.fr\/photodemaidan\/2014\/10\/les-victimes\/#primaryimage","url":"https:\/\/uaportail.fr\/photodemaidan\/wp-content\/uploads\/sites\/3\/2014\/10\/10632779_574848875977441_2919349612546696405_n.jpg","contentUrl":"https:\/\/uaportail.fr\/photodemaidan\/wp-content\/uploads\/sites\/3\/2014\/10\/10632779_574848875977441_2919349612546696405_n.jpg","width":900,"height":600,"caption":"Les victimes au Maidan"},{"@type":"WebPage","@id":"https:\/\/uaportail.fr\/photodemaidan\/2014\/10\/les-victimes\/#webpage","url":"https:\/\/uaportail.fr\/photodemaidan\/2014\/10\/les-victimes\/","name":"Les victimes - \u00ab Maidan \u2022 Ukraine \u2022 Europe \u00bb","isPartOf":{"@id":"https:\/\/uaportail.fr\/photodemaidan\/#website"},"primaryImageOfPage":{"@id":"https:\/\/uaportail.fr\/photodemaidan\/2014\/10\/les-victimes\/#primaryimage"},"datePublished":"2014-10-04T22:06:05+00:00","dateModified":"2014-10-25T15:31:11+00:00","author":{"@id":"https:\/\/uaportail.fr\/photodemaidan\/#\/schema\/person\/3e64e03e0f3b3694829081383fa7f7a4"},"breadcrumb":{"@id":"https:\/\/uaportail.fr\/photodemaidan\/2014\/10\/les-victimes\/#breadcrumb"},"inLanguage":"en-GB","potentialAction":[{"@type":"ReadAction","target":["https:\/\/uaportail.fr\/photodemaidan\/2014\/10\/les-victimes\/"]}]},{"@type":"BreadcrumbList","@id":"https:\/\/uaportail.fr\/photodemaidan\/2014\/10\/les-victimes\/#breadcrumb","itemListElement":[{"@type":"ListItem","position":1,"name":"Home","item":"https:\/\/uaportail.fr\/photodemaidan\/"},{"@type":"ListItem","position":2,"name":"Les victimes"}]},{"@type":"Person","@id":"https:\/\/uaportail.fr\/photodemaidan\/#\/schema\/person\/3e64e03e0f3b3694829081383fa7f7a4","name":"Lusy DOLIA","image":{"@type":"ImageObject","inLanguage":"en-GB","@id":"https:\/\/uaportail.fr\/photodemaidan\/#\/schema\/person\/image\/","url":"https:\/\/secure.gravatar.com\/avatar\/bd65b7701ca4f5b43f94e220270da6ec?s=96&d=mm&r=g","contentUrl":"https:\/\/secure.gravatar.com\/avatar\/bd65b7701ca4f5b43f94e220270da6ec?s=96&d=mm&r=g","caption":"Lusy DOLIA"},"url":"https:\/\/uaportail.fr\/photodemaidan\/author\/lusy-dolia\/"}]}},"_links":{"self":[{"href":"https:\/\/uaportail.fr\/photodemaidan\/wp-json\/wp\/v2\/posts\/13"}],"collection":[{"href":"https:\/\/uaportail.fr\/photodemaidan\/wp-json\/wp\/v2\/posts"}],"about":[{"href":"https:\/\/uaportail.fr\/photodemaidan\/wp-json\/wp\/v2\/types\/post"}],"author":[{"embeddable":true,"href":"https:\/\/uaportail.fr\/photodemaidan\/wp-json\/wp\/v2\/users\/1"}],"replies":[{"embeddable":true,"href":"https:\/\/uaportail.fr\/photodemaidan\/wp-json\/wp\/v2\/comments?post=13"}],"version-history":[{"count":0,"href":"https:\/\/uaportail.fr\/photodemaidan\/wp-json\/wp\/v2\/posts\/13\/revisions"}],"wp:featuredmedia":[{"embeddable":true,"href":"https:\/\/uaportail.fr\/photodemaidan\/wp-json\/wp\/v2\/media\/282"}],"wp:attachment":[{"href":"https:\/\/uaportail.fr\/photodemaidan\/wp-json\/wp\/v2\/media?parent=13"}],"wp:term":[{"taxonomy":"category","embeddable":true,"href":"https:\/\/uaportail.fr\/photodemaidan\/wp-json\/wp\/v2\/categories?post=13"},{"taxonomy":"post_tag","embeddable":true,"href":"https:\/\/uaportail.fr\/photodemaidan\/wp-json\/wp\/v2\/tags?post=13"}],"curies":[{"name":"wp","href":"https:\/\/api.w.org\/{rel}","templated":true}]}}